{"id":4596,"date":"2023-12-28T15:27:10","date_gmt":"2023-12-28T15:27:10","guid":{"rendered":"https:\/\/aconoq.cg\/?p=4596"},"modified":"2023-12-28T15:27:10","modified_gmt":"2023-12-28T15:27:10","slug":"cotecna-rencontre-le-dg-daconoq-a-geneve","status":"publish","type":"post","link":"https:\/\/www.aconoq-apps.com\/aconoq\/cotecna-rencontre-le-dg-daconoq-a-geneve\/","title":{"rendered":"Cotecna rencontre le DG d&#8217;ACONOQ \u00e0 Gen\u00e8ve"},"content":{"rendered":"<div class=\"news-detail-section__wrap\">\n<div class=\"news-detail-section__intro\">Le Directeur G\u00e9n\u00e9ral de l&#8217;ACONOQ a visit\u00e9 le si\u00e8ge de Cotecna \u00e0 Gen\u00e8ve et a rencontr\u00e9 une partie de la Direction.<\/div>\n<\/div>\n<div class=\"news-detail-section__featured-image\">\n<div class=\"images-bg\">\n<p>Nous avons \u00e9t\u00e9 ravis d&#8217;accueillir Jean Jacques NGOKO MOUYABI, le Directeur G\u00e9n\u00e9ral de l&#8217;Agence Congolaise de Normalisation et de la Qualit\u00e9 (ACONOQ), dans nos bureaux de Gen\u00e8ve la semaine derni\u00e8re.<\/p>\n<p>La collaboration et les \u00e9changes \u00e9taient au c\u0153ur de cette visite. Cette rencontre a permis de discuter les r\u00e9centes avanc\u00e9es du programme congolais PCEC. Nous en avons profit\u00e9 pour aborder les d\u00e9fis actuels, \u00e9changer nos id\u00e9es mutuelles et proposer des solutions sur la fa\u00e7on de continuer notre collaboration.<\/p>\n<p>C\u2019\u00e9tait \u00e9galement l\u2019occasion d\u2019\u00e9valuer nos op\u00e9rations, afin de nous assurer que nous continuons \u00e0 respecter les standards les plus \u00e9lev\u00e9s en mati\u00e8re de conformit\u00e9.<\/p>\n<p>Nous sommes heureux de maintenir un niveau d\u2019excellence \u00e9lev\u00e9 et de contribuer ensemble \u00e0 la protection des consommateurs congolais !<\/p>\n<p>Pour plus d\u2019informations sur le PCEC, nous vous invitons \u00e0 t\u00e9l\u00e9charger notre guide de l\u2019exportateur.<\/p>\n<\/div>\n<\/div>\n","protected":false},"excerpt":{"rendered":"<p>Le Directeur G\u00e9n\u00e9ral de l&#8217;ACONOQ a visit\u00e9 le si\u00e8ge de Cotecna \u00e0 Gen\u00e8ve et a rencontr\u00e9 une partie de la [&hellip;]<\/p>\n","protected":false},"author":1,"featured_media":4914,"comment_status":"open","ping_status":"open","sticky":false,"template":"","format":"standard","meta":{"give_campaign_id":0,"_monsterinsights_skip_tracking":false,"_monsterinsights_sitenote_active":false,"_monsterinsights_sitenote_note":"","_monsterinsights_sitenote_category":0,"footnotes":""},"categories":[129],"tags":[],"class_list":["post-4596","post","type-post","status-publish","format-standard","has-post-thumbnail","hentry","category-actualite"],"aioseo_notices":[],"_links":{"self":[{"href":"https:\/\/www.aconoq-apps.com\/aconoq\/wp-json\/wp\/v2\/posts\/4596","targetHints":{"allow":["GET"]}}],"collection":[{"href":"https:\/\/www.aconoq-apps.com\/aconoq\/wp-json\/wp\/v2\/posts"}],"about":[{"href":"https:\/\/www.aconoq-apps.com\/aconoq\/wp-json\/wp\/v2\/types\/post"}],"author":[{"embeddable":true,"href":"https:\/\/www.aconoq-apps.com\/aconoq\/wp-json\/wp\/v2\/users\/1"}],"replies":[{"embeddable":true,"href":"https:\/\/www.aconoq-apps.com\/aconoq\/wp-json\/wp\/v2\/comments?post=4596"}],"version-history":[{"count":0,"href":"https:\/\/www.aconoq-apps.com\/aconoq\/wp-json\/wp\/v2\/posts\/4596\/revisions"}],"wp:featuredmedia":[{"embeddable":true,"href":"https:\/\/www.aconoq-apps.com\/aconoq\/wp-json\/"}],"wp:attachment":[{"href":"https:\/\/www.aconoq-apps.com\/aconoq\/wp-json\/wp\/v2\/media?parent=4596"}],"wp:term":[{"taxonomy":"category","embeddable":true,"href":"https:\/\/www.aconoq-apps.com\/aconoq\/wp-json\/wp\/v2\/categories?post=4596"},{"taxonomy":"post_tag","embeddable":true,"href":"https:\/\/www.aconoq-apps.com\/aconoq\/wp-json\/wp\/v2\/tags?post=4596"}],"curies":[{"name":"wp","href":"https:\/\/api.w.org\/{rel}","templated":true}]}}